{"id":7360,"date":"2016-10-22T14:20:54","date_gmt":"2016-10-22T13:20:54","guid":{"rendered":"https:\/\/www.apprendre-le-violon-jazz.com\/new-album-inspirations-with-my-jazz-group\/"},"modified":"2023-03-13T12:29:27","modified_gmt":"2023-03-13T11:29:27","slug":"new-album-inspirations-with-my-jazz-group","status":"publish","type":"post","link":"https:\/\/www.apprendre-le-violon-jazz.com\/en\/new-album-inspirations-with-my-jazz-group\/","title":{"rendered":"NEW ALBUM &#8220;INSPIRATIONS&#8221; WITH MY JAZZ ENSEMBLE"},"content":{"rendered":"<table width=\"100%\">\n<tbody>\n<tr>\n<td>\n<table width=\"100%\">\n<tbody>\n<tr>\n<td>\n<h1>NEW ALBUM &#8220;INSPIRATIONS&#8221; WITH MY JAZZ ENSEMBLE<\/h1>\n<h2>Discover my music by listening to my album INSPIRATIONS! I recorded my compositions with my jazz group, and I was lucky enough to have two prestigious guests: Didier Lockwood and S\u00e9bastien Giniaux!<\/h2>\n<p>&nbsp;<\/p>\n<h3>La making of my jazz album<\/h3>\n<p>This CD is the culmination several years of musical work. I had been thinking about it for a long time, and it took me a long time to gather the <strong>jazz musicians<\/strong> who were suitable for this project. But as soon as I managed to form my <strong>jazz group<\/strong>, I decided to go for it! I hadn&#8217;t expected such an obstacle course, nor a result that I like so much!<\/p>\n<p>&nbsp;<\/p>\n<h3>MY JAZZ ENSEMBLE and GUESTS<\/h3>\n<p><span data-offset-key=\"2djg2-0-0\"><span data-text=\"true\">You will find on this <strong>jazz album<\/strong> my compositions arranged for <strong>jazz quartet<\/strong> with <\/span><\/span><span data-offset-key=\"2djg2- 1-0\"><span data-text=\"true\">Joran Cariou<\/span><\/span><span data-offset-key=\"2djg2-2-0\"><span data-text=\"true\" > on the piano, Fabricio Nicolas on the double bass, <\/span><\/span><span data-offset-key=\"2djg2-3-0\"><span data-text=\"true\">Nicolas Charlier<\/span> <\/span><span data-offset-key=\"2djg2-4-0\"><span data-text=\"true\"> on drums. These are the musicians who also accompany me on stage. There is also a trio piece where Joran plays the organ.<br \/>\nSome guests also on this disc: voice <\/span><\/span><span data-offset-key=\"2djg2-5-0\"><span data-text=\"true\">Rodrigue Vera Ortiz<\/span ><\/span><span data-offset-key=\"2djg2-6-0\"><span data-text=\"true\">, <\/span><\/span><strong><span data-offset-key =\"2djg2-7-0\"><span data-text=\"true\">S\u00e9bastien Giniaux<\/span><\/span><\/strong><span data-offset-key=\"2djg2-8-0\"><span data-text=\"true\"> on the guitar, and the great <\/span><\/span><strong><span data-offset-key=\"2djg2-9-0\"><span data-text=\" true\">Didier Lockwood <\/span><\/span><\/strong><span data-offset-key=\"2djg2-10-0\"><span data-text=\"true\"><\/span><\/ span><span data-offset-key=\"2djg2-10-0\"><span data-text=\"true\">with whom I play<\/span><\/span><span data-offset-key =\"2djg2-10-0\"><span data-text=\"true\"><strong>viola<\/strong>!!!<\/span><\/span><\/p>\n<p data-offset-key=\"7f1c0-0-0\"><span data-offset-key=\"2djg2-10-0\"><span data-text=\"true\">\u00a0All these musicians have contributed in their own way to the quality of this <strong>jazz album<\/strong> which, I hope, you will like&#8230; <\/span><\/span><\/p>\n<p data-offset-key=\"7f1c0-0-0\">\n<p data-offset-key=\"7f1c0-0-0\">Here is a TEASER we shot during a day of recording the <strong>album:<\/strong><\/p>\n<p><span class=\"embed-youtube\" style=\"text-align:center; display: block;\"><iframe class=\"youtube-player\" width=\"1080\" height=\"608\" src=\"https:\/\/www.youtube.com\/embed\/y5ZsJ3VskaM?version=3&#038;rel=1&#038;showsearch=0&#038;showinfo=1&#038;iv_load_policy=1&#038;fs=1&#038;hl=en-US&#038;autohide=2&#038;wmode=transparent\" allowfullscreen=\"true\" style=\"border:0;\" sandbox=\"allow-scripts allow-same-origin allow-popups allow-presentation allow-popups-to-escape-sandbox\"><\/iframe><\/span><\/p>\n<p data-offset-key=\"7f1c0-0-0\">\u00a0<\/p>\n<h3 data-offset-key=\"7f1c0-0-0\">THE GUEST MUSICIANS<\/h3>\n<p data-offset-key=\"7f1c0-0-0\">I had the chance to have as a prestigious guest someone who has been a great inspiration to me on jazz violin: <a href=\"http:\/\/www.didierlockwood.com\/\">DIDIER LOCKWOOD<\/a>! This gave me the opportunity to play a little <strong>viola<\/strong> on the album, since we play as a duet on the title &#8220;La Feuille.&#8221; I was very touched by his generosity to spontaneously participate in the recording!<\/p>\n<p data-offset-key=\"7f1c0-0-0\"><a href=\"http:\/\/sebastienginiaux.com\/\">S\u00c9BASTIEN GINIAUX<\/a>, excellent gypsy jazz guitarist, also came to play a very beautiful nylon guitar solo on the ballad &#8220;Loin de toi.&#8221; The finesse of his phrasing is breathtaking.<\/p>\n<p data-offset-key=\"7f1c0-0-0\">I am very happy with the participation of my partner Rodrigue Vera Ortiz, who does the backing vocals on a few songs. His musical aesthetic influenced me a lot in my compositions, and he guided and advised me a lot in all stages of the <strong>musical production of this album<\/strong>.<\/p>\n<p><span data-offset-key=\"2djg2-10-0\"><span data-text=\"true\">\u00a0<\/span><\/span><\/p>\n<h3 data-offset-key=\"7f1c0-0-0\">My compositions<\/h3>\n<p data-offset-key=\"7f1c0-0-0\">Concerning the music: there are old compositions on this CD, others more recent&#8230; They reflect certain periods of my life, each piece brings back memories&#8230; To compose, I generally sit at the piano and I play chords while singing a melody, and the composition appears little by little. Sometimes the piece goes through several different versions before arriving at the final version, it can even take several months! But it&#8217;s a very interesting process.<\/p>\n<h3>\u00a0<\/h3>\n<h3><span data-offset-key=\"2djg2-0-0\"><span data-text=\"true\">INSPIRATIONS: the album release with my jazz band<br \/>\n<\/span><\/span><\/h3>\n<p data-offset-key=\"7f1c0-0-0\">I was very well supported for this album release: the French company VLF PRODUCTIONS and the <strong>Swiss jazz label<\/strong> UNIT RECORDS helped with the administrative part and the official release of the album.<\/p>\n<p><span data-offset-key=\"2djg2-0-0\"><span data-text=\"true\">First of all, this <strong>album<\/strong> was released with the label of < strong>swiss jazz<\/strong> UNIT RECORDS in October 2016 for a physical release in <strong>Switzerland<\/strong>-Germany-Austria, as well as the digital release. The company VLF PRODUCTIONS also ensured part of the production of this <strong>jazz album<\/strong> as well as the material distribution in France with <a href=\"http:\/\/www.uvmdistribution.com\/jazz-instrumental\/3854-inspirations-eva-slongo-label-vlf-production-ean-3576071203178-annee-edition-2017-genre-jazz-format-cd-code-prix-uvm062-date-de--3576071203178.html\">UVM DISTRIBUTIONS<\/a>.<\/span><\/span><\/p>\n<table width=\"100%\">\n<tbody>\n<tr>\n<td>\n<table style=\"height: 819px;\" width=\"1109\">\n<tbody>\n<tr>\n<td style=\"width: 1099px;\">\n<h3><span data-offset-key=\"2djg2-0-0\"><span data-text=\"true\">BUY MY JAZZ ALBUM INSPIRATIONS<\/span><\/span><\/h3>\n<p><span data-offset-key=\"2djg2-0-0\"><span data-text=\"true\">Here are several links to buy the album:<\/span><\/span><\/p>\n<p><span data-offset-key=\"2djg2-0-0\"><span data-text=\"true\"><a href=\"http:\/\/www.uvmdistribution.com\/jazz-instrumental\/3854-inspirations-eva-slongo-label-vlf-production-ean-3576071203178-annee-edition-2017-genre-jazz-format-cd-code-prix-uvm062-date-de--3576071203178.html\">Order the album IN FRANCE on the UVM DISTRIBUTIONS website<\/a><\/span><\/span><\/p>\n<p><a href=\"https:\/\/www.cede.ch\/fr\/music\/?view=detail&amp;branch%5Fsub=0&amp;id=1366936&amp;branch=1\">Order the album IN SWITZERLAND<\/a><\/p>\n<p><span data-offset-key=\"2djg2-0-0\"><span data-text=\"true\"><a href=\"https:\/\/www.amazon.fr\/Eva-Slongo-violon-voix-alto\/dp\/B06ZZRXTMK\/ref=sr_1_1?s=music&amp;ie=UTF8&amp;qid=1504259149&amp;sr=1-1\">Order the album ON AMAZON<\/a>, <\/span><\/span><\/p>\n<p><span data-offset-key=\"2djg2-0-0\"><span data-text=\"true\"><a href=\"https:\/\/itunes.apple.com\/us\/album\/inspirations\/id1160053015\">BUY THE DIGITAL ALBUM ON ITUNES<\/a>, <br \/>\n<\/span><\/span><\/p>\n<p><span data-offset-key=\"2djg2-0-0\"><span data-text=\"true\">\u00a0<\/span><\/span><\/p>\n<h3 data-offset-key=\"7f1c0-0-0\">\u00a0<\/h3>\n<h3 data-offset-key=\"7f1c0-0-0\">\nThe fundraising with KISSKISSBANKBANK<\/h3>\n<p data-offset-key=\"7f1c0-0-0\">To make an album, you need music, but the production of an album also requires a fairly high budget. Fortunately, on that side, I had put some money aside, and above all I put a crowdfunding campaign together with the site <strong>KISSKISSBANKBANK<\/strong> which allowed me to pay for the recording of the album in the quality studio: the Egreffins studio. I thank again all those who <strong>bought my CD<\/strong> more than a year in advance, which allowed me to move forward and make this adventure a reality!<\/p>\n<p data-offset-key=\"7f1c0-0-0\">J&#8217;ai \u00e9t\u00e9 \u00e9galement bien entour\u00e9e: aid\u00e9e par VLF PRODUCTIONS et UNIT RECORDS pour la partie administrative et la sortie officielle de l&#8217;album.<\/p>\n<p data-offset-key=\"7f1c0-0-0\">\u00a0<\/p>\n<p data-offset-key=\"7f1c0-0-0\">\u00a0<\/p>\n<h3>The album cover<\/h3>\n<p data-offset-key=\"7f1c0-0-0\">The design of the album was made by the photographer <a href=\"http:\/\/trumka.fr\/\">ANAELLE TRUMKA<\/a>. She put her <strong>talent<\/strong> and the originality of her creativity at the service of the <strong>music of this album<\/strong>, while going in the direction that inspired me.<\/p>\n<p data-offset-key=\"7f1c0-0-0\">\u00a0<\/p>\n<\/td>\n<\/tr>\n<\/tbody>\n<\/table>\n<\/td>\n<\/tr>\n<\/tbody>\n<\/table>\n<h3>THE ALBUM RELEASE TOUR CONCERTS<\/h3>\n<p>For this album release, our <strong>jazz group<\/strong> made several release dates, given that the album is distributed in both Switzerland and France.<\/p>\n<p>Here is the history of the concert dates we did for the release of the album:<\/p>\n<\/p>\n<div class=\"page\" title=\"Page 1\">\n<div class=\"layoutArea\">\n<div class=\"column\">\n<p>02.06.2017 Festival de Jazz de Maisons-Laffitte<\/p>\n<p>01.05.2017 Gambrinus St-Gall (Suisse)<\/p>\n<p>22.04.2017 Sunset Paris<br \/>\n21.01.2017 Chorus (Lausanne Suisse)<\/p>\n<p>1-2.12. 2016 Le Cintra (Fribourg Suisse)<br \/>\n24.11.2016 Lebewohlfabrik (Zurich Suisse)<br \/>\n21.10.2016 Jazzclub La Spirale (Fribourg Suisse)<br \/>\n09.09.2016 Jazzklub Lustenau (Autriche)<br \/>\n14.07.2016 Festival Swing In the Wind Estavayer-le-lac (Suisse)<\/p>\n<\/div>\n<p>Here is an excerpt from the concert we did as a quartet at the CHORUS in Lausanne:<\/p>\n<p><span class=\"embed-youtube\" style=\"text-align:center; display: block;\"><iframe class=\"youtube-player\" width=\"1080\" height=\"608\" src=\"https:\/\/www.youtube.com\/embed\/HXaC_Gdu9l4?version=3&#038;rel=1&#038;showsearch=0&#038;showinfo=1&#038;iv_load_policy=1&#038;fs=1&#038;hl=en-US&#038;autohide=2&#038;wmode=transparent\" allowfullscreen=\"true\" style=\"border:0;\" sandbox=\"allow-scripts allow-same-origin allow-popups allow-presentation allow-popups-to-escape-sandbox\"><\/iframe><\/span><\/p>\n<\/div>\n<\/div>\n<\/td>\n<\/tr>\n<\/tbody>\n<\/table>\n<\/td>\n<\/tr>\n<\/tbody>\n<\/table>\n<p align=\"LEFT\">\u00a0<\/p>\n<p align=\"LEFT\"><span style=\"font-size: x-large; font-family: tahoma,arial,helvetica,sans-serif;\"><span style=\"font-size: large;\">If you enjoyed this video and article, please <strong>SHARE THIS PAGE,<\/strong> to help me continue to spread these valuable <strong>jazz violin<\/strong<\/strong> teachings!<\/span><\/span><\/p>\n<p align=\"LEFT\">\u00a0<\/p>\n<p align=\"LEFT\"><span style=\"font-size: x-large; font-family: tahoma,arial,helvetica,sans-serif;\"><span style=\"font-size: large;\">See you soon for new articles and new videos!<\/span><\/span><\/p>\n<p align=\"LEFT\">\u00a0<\/p>\n<p>&nbsp;<\/p>\n<p style=\"text-align: center;\"><span style=\"font-size: 18pt; font-family: tahoma,arial,helvetica,sans-serif;\">Stay informed of my concerts and musical activities:<\/span><\/p>\n<p style=\"text-align: center;\"><span style=\"font-size: 18pt; font-family: tahoma,arial,helvetica,sans-serif;\">LIKE MY FACEBOOK PAGE!<\/span><\/p>\n<p style=\"text-align: center;\"><span style=\"font-size: 18pt; font-family: tahoma,arial,helvetica,sans-serif;\"><a href=\"https:\/\/www.facebook.com\/evaslongo\" target=\"_blank\" rel=\"noopener\">https:\/\/www.facebook.com\/evaslongo<\/a><\/span><\/p>\n<p style=\"text-align: center;\">\u00a0<\/p>\n<p style=\"text-align: center;\"><span style=\"font-size: 18pt; font-family: tahoma,arial,helvetica,sans-serif;\">Want to listen to my music? You will find concert videos of my <a href=\"https:\/\/www.evaslongo.com\">jazz band on my websiteevaslongo.com<\/a><\/span><\/p>\n<p style=\"text-align: center;\">\u00a0<\/p>\n<p style=\"text-align: center;\">\u00a0<\/p>\n<p style=\"text-align: center;\"><span style=\"font-family: tahoma, arial, helvetica, sans-serif; font-size: 18pt;\">To get my album INSPIRATIONS:<\/span><\/p>\n<p style=\"text-align: center;\"><span style=\"font-family: tahoma, arial, helvetica, sans-serif; font-size: 18pt;\"><a href=\"https:\/\/www.amazon.fr\/Inspirations-Eva-Slongo-Didier-Lockwood\/dp\/B06XYB1W7G\/ref=sr_1_2?s=music&amp;ie=UTF8&amp;qid=1511171894&amp;sr=1-2&amp;keywords=eva+slongo\">ORDER ON AMAZON<\/a><\/span><\/p>\n<p style=\"text-align: center;\"><a href=\"https:\/\/itunes.apple.com\/us\/artist\/eva-slongo\/id1160053047\"><span style=\"font-family: tahoma, arial, helvetica, sans-serif; font-size: 18pt;\">BUY ON ITUNES<\/span><\/a><\/p>\n<p style=\"text-align: center;\">\u00a0<\/p>\n<p style=\"text-align: center;\">\u00a0<\/p>\n<p style=\"text-align: center;\">\u00a0<\/p>\n<p style=\"text-align: center;\"><span style=\"font-size: 18pt; font-family: tahoma,arial,helvetica,sans-serif;\">Here is the site for my <a href=\"https:\/\/www.evaslongo.com\/french-standard\/\">gypsy jazz band<\/a> FRENCH STANDARD:<br \/>\n<\/span><\/p>\n<p style=\"text-align: center;\"><span style=\"font-size: 18pt; font-family: tahoma,arial,helvetica,sans-serif;\"><a href=\"https:\/\/www.evaslongo.com\/french-standard\/\">GROUPE JAZZ MANOUCHE https:\/\/www.evaslongo.com\/french-standard\/<\/a><\/span><\/p>\n<p style=\"text-align: center;\">\u00a0<\/p>\n<p style=\"text-align: center;\">\u00a0<\/p>\n<p style=\"text-align: center;\">\u00a0<\/p>\n<p style=\"text-align: center;\">\u00a0<\/p>\n<p style=\"text-align: center;\">\u00a0<\/p>\n<p><script id=\"form-script-tag-52629\" src=\"https:\/\/systeme.io\/public\/remote\/page\/52629400ed645c0cdfb951abdec3916577f0d.js\"><\/script><\/p>\n<p><script id=\"form-script-tag-50071\" src=\"https:\/\/systeme.io\/public\/remote\/page\/50071d827a8036d524f99a633727799b86ed1.js\"><\/script><\/p>\n","protected":false},"excerpt":{"rendered":"<p>NEW ALBUM &#8220;INSPIRATIONS&#8221; WITH MY JAZZ ENSEMBLE Discover my music by listening to my album INSPIRATIONS! I recorded my compositions with my jazz group, and I was lucky enough to have two prestigious guests: Didier Lockwood and S\u00e9bastien Giniaux! &nbsp; La making of my jazz album This CD is the culmination several years of musical [&hellip;]<\/p>\n","protected":false},"author":1,"featured_media":5299,"comment_status":"open","ping_status":"open","sticky":false,"template":"","format":"standard","meta":{"_et_pb_use_builder":"","_et_pb_old_content":"","_et_gb_content_width":"","jetpack_post_was_ever_published":false,"_jetpack_newsletter_access":"","_jetpack_dont_email_post_to_subs":false,"_jetpack_newsletter_tier_id":0,"_jetpack_memberships_contains_paywalled_content":false,"_jetpack_memberships_contains_paid_content":false,"footnotes":"","jetpack_publicize_message":"","jetpack_publicize_feature_enabled":true,"jetpack_social_post_already_shared":true,"jetpack_social_options":{"image_generator_settings":{"template":"highway","default_image_id":0,"font":"","enabled":false},"version":2}},"categories":[65],"tags":[],"class_list":["post-7360","post","type-post","status-publish","format-standard","has-post-thumbnail","hentry","category-jazz-group"],"yoast_head":"<!-- This site is optimized with the Yoast SEO plugin v27.4 - https:\/\/yoast.com\/product\/yoast-seo-wordpress\/ -->\n<title>Eva Slongo&#039;s new album &quot;INSPIRATIONS&quot; with her jazz ensemble<\/title>\n<meta name=\"description\" content=\"Discover the album &quot;Inspirations&quot; by violinist Eva Slongo&#039;s jazz band, with prestigious guests Didier Lockwood and S\u00e9bastien Giniaux.\" \/>\n<meta name=\"robots\" content=\"index, follow, max-snippet:-1, max-image-preview:large, max-video-preview:-1\" \/>\n<link rel=\"canonical\" href=\"https:\/\/www.apprendre-le-violon-jazz.com\/groupe-de-jazz-inspirations\/\" \/>\n<meta property=\"og:locale\" content=\"en_US\" \/>\n<meta property=\"og:type\" content=\"article\" \/>\n<meta property=\"og:title\" content=\"Eva Slongo&#039;s new album &quot;INSPIRATIONS&quot; with her jazz ensemble\" \/>\n<meta property=\"og:description\" content=\"Discover the album &quot;Inspirations&quot; by violinist Eva Slongo&#039;s jazz band, with prestigious guests Didier Lockwood and S\u00e9bastien Giniaux.\" \/>\n<meta property=\"og:url\" content=\"https:\/\/www.apprendre-le-violon-jazz.com\/groupe-de-jazz-inspirations\/\" \/>\n<meta property=\"og:site_name\" content=\"APPRENDRE LE VIOLON JAZZ\" \/>\n<meta property=\"article:published_time\" content=\"2016-10-22T13:20:54+00:00\" \/>\n<meta property=\"article:modified_time\" content=\"2023-03-13T11:29:27+00:00\" \/>\n<meta property=\"og:image\" content=\"https:\/\/www.apprendre-le-violon-jazz.com\/wp-content\/uploads\/2016\/10\/Carre\u0301-de-pochette.jpg\" \/>\n\t<meta property=\"og:image:width\" content=\"1678\" \/>\n\t<meta property=\"og:image:height\" content=\"1507\" \/>\n\t<meta property=\"og:image:type\" content=\"image\/jpeg\" \/>\n<meta name=\"author\" content=\"evaslo\" \/>\n<meta name=\"twitter:card\" content=\"summary_large_image\" \/>\n<meta name=\"twitter:label1\" content=\"Written by\" \/>\n\t<meta name=\"twitter:data1\" content=\"evaslo\" \/>\n\t<meta name=\"twitter:label2\" content=\"Est. reading time\" \/>\n\t<meta name=\"twitter:data2\" content=\"4 minutes\" \/>\n<script type=\"application\/ld+json\" class=\"yoast-schema-graph\">{\"@context\":\"https:\\\/\\\/schema.org\",\"@graph\":[{\"@type\":\"Article\",\"@id\":\"https:\\\/\\\/www.apprendre-le-violon-jazz.com\\\/groupe-de-jazz-inspirations\\\/#article\",\"isPartOf\":{\"@id\":\"https:\\\/\\\/www.apprendre-le-violon-jazz.com\\\/groupe-de-jazz-inspirations\\\/\"},\"author\":{\"name\":\"evaslo\",\"@id\":\"https:\\\/\\\/www.apprendre-le-violon-jazz.com\\\/#\\\/schema\\\/person\\\/10cd7d670b598a5ae2ee13a5caebb384\"},\"headline\":\"NEW ALBUM &#8220;INSPIRATIONS&#8221; WITH MY JAZZ ENSEMBLE\",\"datePublished\":\"2016-10-22T13:20:54+00:00\",\"dateModified\":\"2023-03-13T11:29:27+00:00\",\"mainEntityOfPage\":{\"@id\":\"https:\\\/\\\/www.apprendre-le-violon-jazz.com\\\/groupe-de-jazz-inspirations\\\/\"},\"wordCount\":892,\"commentCount\":0,\"publisher\":{\"@id\":\"https:\\\/\\\/www.apprendre-le-violon-jazz.com\\\/#\\\/schema\\\/person\\\/10cd7d670b598a5ae2ee13a5caebb384\"},\"image\":{\"@id\":\"https:\\\/\\\/www.apprendre-le-violon-jazz.com\\\/groupe-de-jazz-inspirations\\\/#primaryimage\"},\"thumbnailUrl\":\"https:\\\/\\\/i0.wp.com\\\/www.apprendre-le-violon-jazz.com\\\/wp-content\\\/uploads\\\/2016\\\/10\\\/Carre%CC%81-de-pochette.jpg?fit=1678%2C1507&ssl=1\",\"articleSection\":[\"jazz group\"],\"inLanguage\":\"en-US\",\"potentialAction\":[{\"@type\":\"CommentAction\",\"name\":\"Comment\",\"target\":[\"https:\\\/\\\/www.apprendre-le-violon-jazz.com\\\/groupe-de-jazz-inspirations\\\/#respond\"]}]},{\"@type\":\"WebPage\",\"@id\":\"https:\\\/\\\/www.apprendre-le-violon-jazz.com\\\/groupe-de-jazz-inspirations\\\/\",\"url\":\"https:\\\/\\\/www.apprendre-le-violon-jazz.com\\\/groupe-de-jazz-inspirations\\\/\",\"name\":\"Eva Slongo's new album \\\"INSPIRATIONS\\\" with her jazz ensemble\",\"isPartOf\":{\"@id\":\"https:\\\/\\\/www.apprendre-le-violon-jazz.com\\\/#website\"},\"primaryImageOfPage\":{\"@id\":\"https:\\\/\\\/www.apprendre-le-violon-jazz.com\\\/groupe-de-jazz-inspirations\\\/#primaryimage\"},\"image\":{\"@id\":\"https:\\\/\\\/www.apprendre-le-violon-jazz.com\\\/groupe-de-jazz-inspirations\\\/#primaryimage\"},\"thumbnailUrl\":\"https:\\\/\\\/i0.wp.com\\\/www.apprendre-le-violon-jazz.com\\\/wp-content\\\/uploads\\\/2016\\\/10\\\/Carre%CC%81-de-pochette.jpg?fit=1678%2C1507&ssl=1\",\"datePublished\":\"2016-10-22T13:20:54+00:00\",\"dateModified\":\"2023-03-13T11:29:27+00:00\",\"description\":\"Discover the album \\\"Inspirations\\\" by violinist Eva Slongo's jazz band, with prestigious guests Didier Lockwood and S\u00e9bastien Giniaux.\",\"breadcrumb\":{\"@id\":\"https:\\\/\\\/www.apprendre-le-violon-jazz.com\\\/groupe-de-jazz-inspirations\\\/#breadcrumb\"},\"inLanguage\":\"en-US\",\"potentialAction\":[{\"@type\":\"ReadAction\",\"target\":[\"https:\\\/\\\/www.apprendre-le-violon-jazz.com\\\/groupe-de-jazz-inspirations\\\/\"]}]},{\"@type\":\"ImageObject\",\"inLanguage\":\"en-US\",\"@id\":\"https:\\\/\\\/www.apprendre-le-violon-jazz.com\\\/groupe-de-jazz-inspirations\\\/#primaryimage\",\"url\":\"https:\\\/\\\/i0.wp.com\\\/www.apprendre-le-violon-jazz.com\\\/wp-content\\\/uploads\\\/2016\\\/10\\\/Carre%CC%81-de-pochette.jpg?fit=1678%2C1507&ssl=1\",\"contentUrl\":\"https:\\\/\\\/i0.wp.com\\\/www.apprendre-le-violon-jazz.com\\\/wp-content\\\/uploads\\\/2016\\\/10\\\/Carre%CC%81-de-pochette.jpg?fit=1678%2C1507&ssl=1\",\"width\":1678,\"height\":1507},{\"@type\":\"BreadcrumbList\",\"@id\":\"https:\\\/\\\/www.apprendre-le-violon-jazz.com\\\/groupe-de-jazz-inspirations\\\/#breadcrumb\",\"itemListElement\":[{\"@type\":\"ListItem\",\"position\":1,\"name\":\"Accueil\",\"item\":\"https:\\\/\\\/www.apprendre-le-violon-jazz.com\\\/en\\\/\"},{\"@type\":\"ListItem\",\"position\":2,\"name\":\"groupe de jazz\",\"item\":\"https:\\\/\\\/www.apprendre-le-violon-jazz.com\\\/groupe-de-jazz\\\/\"},{\"@type\":\"ListItem\",\"position\":3,\"name\":\"NEW ALBUM &#8220;INSPIRATIONS&#8221; WITH MY JAZZ ENSEMBLE\"}]},{\"@type\":\"WebSite\",\"@id\":\"https:\\\/\\\/www.apprendre-le-violon-jazz.com\\\/#website\",\"url\":\"https:\\\/\\\/www.apprendre-le-violon-jazz.com\\\/\",\"name\":\"APPRENDRE LE VIOLON JAZZ\",\"description\":\"avec Eva Slongo\",\"publisher\":{\"@id\":\"https:\\\/\\\/www.apprendre-le-violon-jazz.com\\\/#\\\/schema\\\/person\\\/10cd7d670b598a5ae2ee13a5caebb384\"},\"potentialAction\":[{\"@type\":\"SearchAction\",\"target\":{\"@type\":\"EntryPoint\",\"urlTemplate\":\"https:\\\/\\\/www.apprendre-le-violon-jazz.com\\\/?s={search_term_string}\"},\"query-input\":{\"@type\":\"PropertyValueSpecification\",\"valueRequired\":true,\"valueName\":\"search_term_string\"}}],\"inLanguage\":\"en-US\"},{\"@type\":[\"Person\",\"Organization\"],\"@id\":\"https:\\\/\\\/www.apprendre-le-violon-jazz.com\\\/#\\\/schema\\\/person\\\/10cd7d670b598a5ae2ee13a5caebb384\",\"name\":\"evaslo\",\"image\":{\"@type\":\"ImageObject\",\"inLanguage\":\"en-US\",\"@id\":\"https:\\\/\\\/i0.wp.com\\\/www.apprendre-le-violon-jazz.com\\\/wp-content\\\/uploads\\\/2021\\\/12\\\/Logo-evaslo-NV.png?fit=4500%2C2250&ssl=1\",\"url\":\"https:\\\/\\\/i0.wp.com\\\/www.apprendre-le-violon-jazz.com\\\/wp-content\\\/uploads\\\/2021\\\/12\\\/Logo-evaslo-NV.png?fit=4500%2C2250&ssl=1\",\"contentUrl\":\"https:\\\/\\\/i0.wp.com\\\/www.apprendre-le-violon-jazz.com\\\/wp-content\\\/uploads\\\/2021\\\/12\\\/Logo-evaslo-NV.png?fit=4500%2C2250&ssl=1\",\"width\":4500,\"height\":2250,\"caption\":\"evaslo\"},\"logo\":{\"@id\":\"https:\\\/\\\/i0.wp.com\\\/www.apprendre-le-violon-jazz.com\\\/wp-content\\\/uploads\\\/2021\\\/12\\\/Logo-evaslo-NV.png?fit=4500%2C2250&ssl=1\"}}]}<\/script>\n<!-- \/ Yoast SEO plugin. -->","yoast_head_json":{"title":"Eva Slongo's new album \"INSPIRATIONS\" with her jazz ensemble","description":"Discover the album \"Inspirations\" by violinist Eva Slongo's jazz band, with prestigious guests Didier Lockwood and S\u00e9bastien Giniaux.","robots":{"index":"index","follow":"follow","max-snippet":"max-snippet:-1","max-image-preview":"max-image-preview:large","max-video-preview":"max-video-preview:-1"},"canonical":"https:\/\/www.apprendre-le-violon-jazz.com\/groupe-de-jazz-inspirations\/","og_locale":"en_US","og_type":"article","og_title":"Eva Slongo's new album \"INSPIRATIONS\" with her jazz ensemble","og_description":"Discover the album \"Inspirations\" by violinist Eva Slongo's jazz band, with prestigious guests Didier Lockwood and S\u00e9bastien Giniaux.","og_url":"https:\/\/www.apprendre-le-violon-jazz.com\/groupe-de-jazz-inspirations\/","og_site_name":"APPRENDRE LE VIOLON JAZZ","article_published_time":"2016-10-22T13:20:54+00:00","article_modified_time":"2023-03-13T11:29:27+00:00","og_image":[{"width":1678,"height":1507,"url":"https:\/\/www.apprendre-le-violon-jazz.com\/wp-content\/uploads\/2016\/10\/Carre\u0301-de-pochette.jpg","type":"image\/jpeg"}],"author":"evaslo","twitter_card":"summary_large_image","twitter_misc":{"Written by":"evaslo","Est. reading time":"4 minutes"},"schema":{"@context":"https:\/\/schema.org","@graph":[{"@type":"Article","@id":"https:\/\/www.apprendre-le-violon-jazz.com\/groupe-de-jazz-inspirations\/#article","isPartOf":{"@id":"https:\/\/www.apprendre-le-violon-jazz.com\/groupe-de-jazz-inspirations\/"},"author":{"name":"evaslo","@id":"https:\/\/www.apprendre-le-violon-jazz.com\/#\/schema\/person\/10cd7d670b598a5ae2ee13a5caebb384"},"headline":"NEW ALBUM &#8220;INSPIRATIONS&#8221; WITH MY JAZZ ENSEMBLE","datePublished":"2016-10-22T13:20:54+00:00","dateModified":"2023-03-13T11:29:27+00:00","mainEntityOfPage":{"@id":"https:\/\/www.apprendre-le-violon-jazz.com\/groupe-de-jazz-inspirations\/"},"wordCount":892,"commentCount":0,"publisher":{"@id":"https:\/\/www.apprendre-le-violon-jazz.com\/#\/schema\/person\/10cd7d670b598a5ae2ee13a5caebb384"},"image":{"@id":"https:\/\/www.apprendre-le-violon-jazz.com\/groupe-de-jazz-inspirations\/#primaryimage"},"thumbnailUrl":"https:\/\/i0.wp.com\/www.apprendre-le-violon-jazz.com\/wp-content\/uploads\/2016\/10\/Carre%CC%81-de-pochette.jpg?fit=1678%2C1507&ssl=1","articleSection":["jazz group"],"inLanguage":"en-US","potentialAction":[{"@type":"CommentAction","name":"Comment","target":["https:\/\/www.apprendre-le-violon-jazz.com\/groupe-de-jazz-inspirations\/#respond"]}]},{"@type":"WebPage","@id":"https:\/\/www.apprendre-le-violon-jazz.com\/groupe-de-jazz-inspirations\/","url":"https:\/\/www.apprendre-le-violon-jazz.com\/groupe-de-jazz-inspirations\/","name":"Eva Slongo's new album \"INSPIRATIONS\" with her jazz ensemble","isPartOf":{"@id":"https:\/\/www.apprendre-le-violon-jazz.com\/#website"},"primaryImageOfPage":{"@id":"https:\/\/www.apprendre-le-violon-jazz.com\/groupe-de-jazz-inspirations\/#primaryimage"},"image":{"@id":"https:\/\/www.apprendre-le-violon-jazz.com\/groupe-de-jazz-inspirations\/#primaryimage"},"thumbnailUrl":"https:\/\/i0.wp.com\/www.apprendre-le-violon-jazz.com\/wp-content\/uploads\/2016\/10\/Carre%CC%81-de-pochette.jpg?fit=1678%2C1507&ssl=1","datePublished":"2016-10-22T13:20:54+00:00","dateModified":"2023-03-13T11:29:27+00:00","description":"Discover the album \"Inspirations\" by violinist Eva Slongo's jazz band, with prestigious guests Didier Lockwood and S\u00e9bastien Giniaux.","breadcrumb":{"@id":"https:\/\/www.apprendre-le-violon-jazz.com\/groupe-de-jazz-inspirations\/#breadcrumb"},"inLanguage":"en-US","potentialAction":[{"@type":"ReadAction","target":["https:\/\/www.apprendre-le-violon-jazz.com\/groupe-de-jazz-inspirations\/"]}]},{"@type":"ImageObject","inLanguage":"en-US","@id":"https:\/\/www.apprendre-le-violon-jazz.com\/groupe-de-jazz-inspirations\/#primaryimage","url":"https:\/\/i0.wp.com\/www.apprendre-le-violon-jazz.com\/wp-content\/uploads\/2016\/10\/Carre%CC%81-de-pochette.jpg?fit=1678%2C1507&ssl=1","contentUrl":"https:\/\/i0.wp.com\/www.apprendre-le-violon-jazz.com\/wp-content\/uploads\/2016\/10\/Carre%CC%81-de-pochette.jpg?fit=1678%2C1507&ssl=1","width":1678,"height":1507},{"@type":"BreadcrumbList","@id":"https:\/\/www.apprendre-le-violon-jazz.com\/groupe-de-jazz-inspirations\/#breadcrumb","itemListElement":[{"@type":"ListItem","position":1,"name":"Accueil","item":"https:\/\/www.apprendre-le-violon-jazz.com\/en\/"},{"@type":"ListItem","position":2,"name":"groupe de jazz","item":"https:\/\/www.apprendre-le-violon-jazz.com\/groupe-de-jazz\/"},{"@type":"ListItem","position":3,"name":"NEW ALBUM &#8220;INSPIRATIONS&#8221; WITH MY JAZZ ENSEMBLE"}]},{"@type":"WebSite","@id":"https:\/\/www.apprendre-le-violon-jazz.com\/#website","url":"https:\/\/www.apprendre-le-violon-jazz.com\/","name":"APPRENDRE LE VIOLON JAZZ","description":"avec Eva Slongo","publisher":{"@id":"https:\/\/www.apprendre-le-violon-jazz.com\/#\/schema\/person\/10cd7d670b598a5ae2ee13a5caebb384"},"potentialAction":[{"@type":"SearchAction","target":{"@type":"EntryPoint","urlTemplate":"https:\/\/www.apprendre-le-violon-jazz.com\/?s={search_term_string}"},"query-input":{"@type":"PropertyValueSpecification","valueRequired":true,"valueName":"search_term_string"}}],"inLanguage":"en-US"},{"@type":["Person","Organization"],"@id":"https:\/\/www.apprendre-le-violon-jazz.com\/#\/schema\/person\/10cd7d670b598a5ae2ee13a5caebb384","name":"evaslo","image":{"@type":"ImageObject","inLanguage":"en-US","@id":"https:\/\/i0.wp.com\/www.apprendre-le-violon-jazz.com\/wp-content\/uploads\/2021\/12\/Logo-evaslo-NV.png?fit=4500%2C2250&ssl=1","url":"https:\/\/i0.wp.com\/www.apprendre-le-violon-jazz.com\/wp-content\/uploads\/2021\/12\/Logo-evaslo-NV.png?fit=4500%2C2250&ssl=1","contentUrl":"https:\/\/i0.wp.com\/www.apprendre-le-violon-jazz.com\/wp-content\/uploads\/2021\/12\/Logo-evaslo-NV.png?fit=4500%2C2250&ssl=1","width":4500,"height":2250,"caption":"evaslo"},"logo":{"@id":"https:\/\/i0.wp.com\/www.apprendre-le-violon-jazz.com\/wp-content\/uploads\/2021\/12\/Logo-evaslo-NV.png?fit=4500%2C2250&ssl=1"}}]}},"jetpack_publicize_connections":[],"jetpack_featured_media_url":"https:\/\/i0.wp.com\/www.apprendre-le-violon-jazz.com\/wp-content\/uploads\/2016\/10\/Carre%CC%81-de-pochette.jpg?fit=1678%2C1507&ssl=1","jetpack_sharing_enabled":true,"jetpack_shortlink":"https:\/\/wp.me\/p7iU8D-1UI","jetpack-related-posts":[],"_links":{"self":[{"href":"https:\/\/www.apprendre-le-violon-jazz.com\/en\/wp-json\/wp\/v2\/posts\/7360","targetHints":{"allow":["GET"]}}],"collection":[{"href":"https:\/\/www.apprendre-le-violon-jazz.com\/en\/wp-json\/wp\/v2\/posts"}],"about":[{"href":"https:\/\/www.apprendre-le-violon-jazz.com\/en\/wp-json\/wp\/v2\/types\/post"}],"author":[{"embeddable":true,"href":"https:\/\/www.apprendre-le-violon-jazz.com\/en\/wp-json\/wp\/v2\/users\/1"}],"replies":[{"embeddable":true,"href":"https:\/\/www.apprendre-le-violon-jazz.com\/en\/wp-json\/wp\/v2\/comments?post=7360"}],"version-history":[{"count":3,"href":"https:\/\/www.apprendre-le-violon-jazz.com\/en\/wp-json\/wp\/v2\/posts\/7360\/revisions"}],"predecessor-version":[{"id":7363,"href":"https:\/\/www.apprendre-le-violon-jazz.com\/en\/wp-json\/wp\/v2\/posts\/7360\/revisions\/7363"}],"wp:featuredmedia":[{"embeddable":true,"href":"https:\/\/www.apprendre-le-violon-jazz.com\/en\/wp-json\/wp\/v2\/media\/5299"}],"wp:attachment":[{"href":"https:\/\/www.apprendre-le-violon-jazz.com\/en\/wp-json\/wp\/v2\/media?parent=7360"}],"wp:term":[{"taxonomy":"category","embeddable":true,"href":"https:\/\/www.apprendre-le-violon-jazz.com\/en\/wp-json\/wp\/v2\/categories?post=7360"},{"taxonomy":"post_tag","embeddable":true,"href":"https:\/\/www.apprendre-le-violon-jazz.com\/en\/wp-json\/wp\/v2\/tags?post=7360"}],"curies":[{"name":"wp","href":"https:\/\/api.w.org\/{rel}","templated":true}]}}